{"id":12285,"date":"2020-09-11T16:02:14","date_gmt":"2020-09-11T21:02:14","guid":{"rendered":"https:\/\/colmor.edu.co\/web\/?p=12285"},"modified":"2020-09-11T16:18:37","modified_gmt":"2020-09-11T21:18:37","slug":"mensaje-del-padre-rector-en-la-semana-por-la-paz","status":"publish","type":"post","link":"https:\/\/colmor.edu.co\/web\/mensaje-del-padre-rector-en-la-semana-por-la-paz\/","title":{"rendered":"Mensaje del Padre Rector en la Semana por la Paz."},"content":{"rendered":"<h3><\/h3>\n<div style=\"width: 640px;\" class=\"wp-video\"><video class=\"wp-video-shortcode\" id=\"video-12285-1\" width=\"640\" height=\"362\" preload=\"metadata\" controls=\"controls\"><source type=\"video\/mp4\" src=\"https:\/\/colmor.edu.co\/web\/wp-content\/uploads\/2020\/09\/Mensaje-de-la-Semana-por-la-PAZ-Padre-Rector.mp4?_=1\" \/><a href=\"https:\/\/colmor.edu.co\/web\/wp-content\/uploads\/2020\/09\/Mensaje-de-la-Semana-por-la-PAZ-Padre-Rector.mp4\">https:\/\/colmor.edu.co\/web\/wp-content\/uploads\/2020\/09\/Mensaje-de-la-Semana-por-la-PAZ-Padre-Rector.mp4<\/a><\/video><\/div>\n<h3><em>El trabajo artesanal por la paz. Empezando por la persona, porque todos sabemos que no damos lo que no tenemos, primero yo debo de tener en mi existencia una construcci\u00f3n de paz, que solamente me la da el perd\u00f3n, y un perd\u00f3n que nace de una experiencia de desarrollo de la compasi\u00f3n y de la misericordia por uno mismo, para poder luego d\u00e1rselo al otro.\u00a0<\/em><\/h3>\n<p>Ese perd\u00f3n me va a permitir, construir paz a nivel familiar, siendo testigo de c\u00f3mo puedo mirar con otros ojos las situaciones de ofensas. Sabiendo que esa ofensa me quita el sentido de vida, me quita la sociabilidad, me quita la parte de la seguridad, y cuando yo experimento ese perd\u00f3n, puedo hacer de mi vida familiar un oasis de paz<\/p>\n<p><a href=\"https:\/\/youtu.be\/9F2ep6eVYkE\">Mensaje del Padre Rector en la Semana por la Paz.<\/a><\/p>\n","protected":false},"excerpt":{"rendered":"<p>El trabajo artesanal por la paz. Empezando por la persona, porque todos sabemos que no damos lo que no tenemos, primero yo debo de tener en mi existencia una construcci\u00f3n de paz, que solamente me la da el perd\u00f3n, y &hellip; <\/p>\n","protected":false},"author":1,"featured_media":0,"comment_status":"closed","ping_status":"closed","sticky":false,"template":"","format":"video","meta":{"footnotes":""},"categories":[3470,3479,3467],"tags":[],"class_list":["post-12285","post","type-post","status-publish","format-video","hentry","category-celebraciones","category-evento","category-noticias","post_format-post-format-video"],"_links":{"self":[{"href":"https:\/\/colmor.edu.co\/web\/wp-json\/wp\/v2\/posts\/12285","targetHints":{"allow":["GET"]}}],"collection":[{"href":"https:\/\/colmor.edu.co\/web\/wp-json\/wp\/v2\/posts"}],"about":[{"href":"https:\/\/colmor.edu.co\/web\/wp-json\/wp\/v2\/types\/post"}],"author":[{"embeddable":true,"href":"https:\/\/colmor.edu.co\/web\/wp-json\/wp\/v2\/users\/1"}],"replies":[{"embeddable":true,"href":"https:\/\/colmor.edu.co\/web\/wp-json\/wp\/v2\/comments?post=12285"}],"version-history":[{"count":7,"href":"https:\/\/colmor.edu.co\/web\/wp-json\/wp\/v2\/posts\/12285\/revisions"}],"predecessor-version":[{"id":12293,"href":"https:\/\/colmor.edu.co\/web\/wp-json\/wp\/v2\/posts\/12285\/revisions\/12293"}],"wp:attachment":[{"href":"https:\/\/colmor.edu.co\/web\/wp-json\/wp\/v2\/media?parent=12285"}],"wp:term":[{"taxonomy":"category","embeddable":true,"href":"https:\/\/colmor.edu.co\/web\/wp-json\/wp\/v2\/categories?post=12285"},{"taxonomy":"post_tag","embeddable":true,"href":"https:\/\/colmor.edu.co\/web\/wp-json\/wp\/v2\/tags?post=12285"}],"curies":[{"name":"wp","href":"https:\/\/api.w.org\/{rel}","templated":true}]}}